{"id":7100,"date":"2025-10-14T09:14:37","date_gmt":"2025-10-14T09:14:37","guid":{"rendered":"https:\/\/www.wygroup.net\/?p=7100"},"modified":"2025-10-14T09:14:38","modified_gmt":"2025-10-14T09:14:38","slug":"a-spv-recicla-a-sua-identidade","status":"publish","type":"post","link":"https:\/\/www.wygroup.net\/pt-pt\/a-spv-recicla-a-sua-identidade\/","title":{"rendered":"A SPV recicla a sua identidade"},"content":{"rendered":"\n<p>A Sociedade Ponto Verde (SPV) apresenta o seu rebranding. Al\u00e9m desta nova identidade, assinada pela WYcreative, a marca passa a estar dividida em duas dimens\u00f5es: Sociedade Ponto Verde e Ponto Verde. Esta evolu\u00e7\u00e3o antecipa a celebra\u00e7\u00e3o dos seus 30 anos de atividade, e reflete a determina\u00e7\u00e3o de fazer com que a reciclagem de embalagens e a economia circular estejam cada vez mais presentes na vida dos cidad\u00e3os.<\/p>\n\n\n\n<p><\/p>\n\n\n<div class=\"wp-block-image\">\n<figure class=\"aligncenter size-large is-resized\"><img data-dominant-color=\"047d1c\" data-has-transparency=\"false\" loading=\"lazy\" decoding=\"async\" width=\"1024\" height=\"576\" src=\"https:\/\/www.wygroup.net\/wp-content\/uploads\/2025\/10\/Briefing-33-1024x576.webp\" alt=\"\" class=\"not-transparent wp-image-7101\" style=\"--dominant-color: #047d1c; width:567px;height:auto\" srcset=\"https:\/\/www.wygroup.net\/wp-content\/uploads\/2025\/10\/Briefing-33-1024x576.webp 1024w, https:\/\/www.wygroup.net\/wp-content\/uploads\/2025\/10\/Briefing-33-300x169.webp 300w, https:\/\/www.wygroup.net\/wp-content\/uploads\/2025\/10\/Briefing-33-768x432.webp 768w, https:\/\/www.wygroup.net\/wp-content\/uploads\/2025\/10\/Briefing-33-1536x864.webp 1536w, https:\/\/www.wygroup.net\/wp-content\/uploads\/2025\/10\/Briefing-33.webp 1920w\" sizes=\"auto, (max-width: 1024px) 100vw, 1024px\" \/><\/figure>\n<\/div>\n\n\n<p><\/p>\n\n\n\n<p>Ao longo de quase tr\u00eas d\u00e9cadas, a SPV tem desempenhado um papel \u201ccentral e de lideran\u00e7a\u201d na constru\u00e7\u00e3o de um sistema de reciclagem de embalagens, sendo que, desde 1996, j\u00e1 foram enviadas para a reciclagem mais de 11 milh\u00f5es de toneladas de embalagens. Contudo, os pr\u00f3ximos anos trazem desafios, principalmente devido \u00e0 meta estabelecida para Portugal de reciclar 65 % de todas as embalagens colocadas no mercado at\u00e9 2025 e 70 % at\u00e9 2030.&nbsp;\u00c9 nesse sentido, que a empresa se reinventa.<\/p>\n\n\n\n<p>Nesta nova estrutura, a SPV apresenta-se com a assinatura \u201cDamos mais valor \u00e0s embalagens\u201d. Esta marca mant\u00e9m a sua miss\u00e3o de promover a reciclagem de embalagens e a sustentabilidade em Portugal, gerindo \u201csolu\u00e7\u00f5es eficazes\u201d para a retoma e valoriza\u00e7\u00e3o de res\u00edduos de embalagens. Tem tamb\u00e9m o objetivo de inspirar cidad\u00e3os, empresas, clientes e parceiros a fazer parte da economia circular, promovendo o cumprimento das metas nacionais de reciclagem de embalagens.<\/p>\n\n\n\n<p>J\u00e1 o Ponto Verde nasce com o intuito de ser a identidade \u201cvis\u00edvel, consistente, humana, inspiradora e mais pr\u00f3xima do p\u00fablico\u201d. A ins\u00edgnia passa a ser a respons\u00e1vel por mobilizar os cidad\u00e3os atrav\u00e9s de campanhas de comunica\u00e7\u00e3o, iniciativas de sensibiliza\u00e7\u00e3o, programas educativos e a\u00e7\u00f5es de proximidade, tendo como mote \u201cSeparamos juntos\u201d.<\/p>\n\n\n\n<p>De acordo com a CEO, Ana Trigo Morais, esta nova identidade reflete a vontade de continuar a liderar o setor, refor\u00e7ando a credibilidade junto de clientes e parceiros, mas tamb\u00e9m de aproximar e mobilizar os cidad\u00e3os atrav\u00e9s da marca Ponto Verde. \u201cAcreditamos que s\u00f3 juntos poderemos cumprir o prop\u00f3sito da economia circular e garantir impacto mensur\u00e1vel para o Pa\u00eds e para o planeta\u201d, acrescenta.<\/p>\n\n\n\n<p>J\u00e1 o diretor de Marketing, Sensibiliza\u00e7\u00e3o e Comunica\u00e7\u00e3o da SPV, Ricardo Sacoto Lagoa, explica que, atrav\u00e9s do rebranding, tem a inten\u00e7\u00e3o de criar uma identidade \u201cque deixe marca, que crie emo\u00e7\u00e3o e que inspire\u201d. O respons\u00e1vel diz ainda que a SPV quer despertar nas pessoas a vontade de se juntarem a ela e de fazerem parte desta mudan\u00e7a porque s\u00f3 assim \u00e9 poss\u00edvel transformar a reciclagem de embalagens num \u201cmovimento coletivo, capaz de gerar impacto real no futuro do nosso planeta\u201d.<\/p>\n\n\n\n<p><\/p>\n\n\n\n<p><\/p>\n","protected":false},"excerpt":{"rendered":"<p>A Sociedade Ponto Verde (SPV) apresenta o seu rebranding. Al\u00e9m desta nova identidade, assinada pela WYcreative, a marca passa a estar dividida em duas dimens\u00f5es: Sociedade Ponto Verde e Ponto Verde. Esta evolu\u00e7\u00e3o antecipa a celebra\u00e7\u00e3o dos seus 30 anos de atividade, e reflete a determina\u00e7\u00e3o de fazer com que a reciclagem de embalagens e [&hellip;]<\/p>\n","protected":false},"author":24,"featured_media":7101,"comment_status":"closed","ping_status":"open","sticky":false,"template":"","format":"standard","meta":{"inline_featured_image":false,"footnotes":""},"categories":[18],"tags":[],"class_list":["post-7100","post","type-post","status-publish","format-standard","has-post-thumbnail","hentry","category-artigos"],"_links":{"self":[{"href":"https:\/\/www.wygroup.net\/pt-pt\/wp-json\/wp\/v2\/posts\/7100","targetHints":{"allow":["GET"]}}],"collection":[{"href":"https:\/\/www.wygroup.net\/pt-pt\/wp-json\/wp\/v2\/posts"}],"about":[{"href":"https:\/\/www.wygroup.net\/pt-pt\/wp-json\/wp\/v2\/types\/post"}],"author":[{"embeddable":true,"href":"https:\/\/www.wygroup.net\/pt-pt\/wp-json\/wp\/v2\/users\/24"}],"replies":[{"embeddable":true,"href":"https:\/\/www.wygroup.net\/pt-pt\/wp-json\/wp\/v2\/comments?post=7100"}],"version-history":[{"count":1,"href":"https:\/\/www.wygroup.net\/pt-pt\/wp-json\/wp\/v2\/posts\/7100\/revisions"}],"predecessor-version":[{"id":7103,"href":"https:\/\/www.wygroup.net\/pt-pt\/wp-json\/wp\/v2\/posts\/7100\/revisions\/7103"}],"wp:featuredmedia":[{"embeddable":true,"href":"https:\/\/www.wygroup.net\/pt-pt\/wp-json\/wp\/v2\/media\/7101"}],"wp:attachment":[{"href":"https:\/\/www.wygroup.net\/pt-pt\/wp-json\/wp\/v2\/media?parent=7100"}],"wp:term":[{"taxonomy":"category","embeddable":true,"href":"https:\/\/www.wygroup.net\/pt-pt\/wp-json\/wp\/v2\/categories?post=7100"},{"taxonomy":"post_tag","embeddable":true,"href":"https:\/\/www.wygroup.net\/pt-pt\/wp-json\/wp\/v2\/tags?post=7100"}],"curies":[{"name":"wp","href":"https:\/\/api.w.org\/{rel}","templated":true}]}}