{"id":6762,"date":"2025-07-07T14:58:20","date_gmt":"2025-07-07T14:58:20","guid":{"rendered":"https:\/\/www.wygroup.net\/?p=6762"},"modified":"2025-07-07T14:58:23","modified_gmt":"2025-07-07T14:58:23","slug":"liderar-pessoas-ou-gerir-tarefas-o-que-realmente-move-uma-equipa","status":"publish","type":"post","link":"https:\/\/www.wygroup.net\/pt-pt\/liderar-pessoas-ou-gerir-tarefas-o-que-realmente-move-uma-equipa\/","title":{"rendered":"Liderar pessoas ou gerir tarefas? O que realmente move uma equipa?"},"content":{"rendered":"\n<p>Vivemos tempos de mudan\u00e7a e incerteza, onde liderar deixou de ser apenas gerir tarefas ou cumprir metas. Hoje, mais do que nunca, acredito que liderar \u00e9 cuidar das pessoas. \u00c9 ouvi-las, respeit\u00e1-las e criar espa\u00e7os onde se possam sentir seguras, valorizadas e parte de algo maior.&nbsp;<\/p>\n\n\n\n<p>A lideran\u00e7a emp\u00e1tica e baseada na intelig\u00eancia emocional tem ganho protagonismo \u2013 e com raz\u00e3o. Acredito que equipas felizes e emocionalmente equilibradas s\u00e3o, muitas vezes, equipas mais comprometidas, criativas e produtivas. Mas n\u00e3o h\u00e1 f\u00f3rmulas fechadas. Esta \u00e9 uma reflex\u00e3o em aberto. Acredito que estamos todos a aprender, a ajustar o nosso dia a dia e a tentar encontrar um novo equil\u00edbrio.&nbsp;<\/p>\n\n\n\n<p>Hoje somos, cada vez mais, impactados com forma\u00e7\u00f5es cujo foco \u00e9 a Lideran\u00e7a Positiva e onde ficou claro para mim que o bem-estar n\u00e3o \u00e9 um \u201cextra\u201d, mas um pilar central. Quando algu\u00e9m se sente ouvido e cuidado, contribui com mais vontade. Quando sente que pode ser quem \u00e9, entrega-se com autenticidade.&nbsp;<\/p>\n\n\n\n<p>Ainda assim, esta abordagem n\u00e3o exclui a exig\u00eancia. No fim do dia \u2013 ou do ano \u2013 h\u00e1 sempre objetivos a cumprir. E \u00e9 aqui que reside o verdadeiro desafio: equilibrar empatia e exig\u00eancia, escuta e decis\u00e3o, emo\u00e7\u00e3o e produtividade. N\u00e3o se trata de escolher um lado, mas de integrar ambos.&nbsp;<\/p>\n\n\n\n<p>Pessoalmente, acredito numa lideran\u00e7a feita de presen\u00e7a, flexibilidade e exemplo. Uma lideran\u00e7a que assume as vulnerabilidades, que reconhece que errar faz parte do processo e que sabe que a empatia \u00e9 uma ferramenta que deve ser trabalhada e promovida. Uma lideran\u00e7a onde as pessoas n\u00e3o s\u00e3o um meio, mas sim o centro.&nbsp;<\/p>\n\n\n\n<p>Este \u00e9 o meu olhar sobre o que \u00e9 liderar hoje. N\u00e3o tenho respostas absolutas, apenas a convic\u00e7\u00e3o de que estamos a caminhar \u2013 juntos \u2013 para uma forma de liderar mais humana, mais consciente e, talvez, mais transformadora.&nbsp;<\/p>\n","protected":false},"excerpt":{"rendered":"<p>Vivemos tempos de mudan\u00e7a e incerteza, onde liderar deixou de ser apenas gerir tarefas ou cumprir metas. Hoje, mais do que nunca, acredito que liderar \u00e9 cuidar das pessoas. \u00c9 ouvi-las, respeit\u00e1-las e criar espa\u00e7os onde se possam sentir seguras, valorizadas e parte de algo maior.&nbsp; A lideran\u00e7a emp\u00e1tica e baseada na intelig\u00eancia emocional tem [&hellip;]<\/p>\n","protected":false},"author":38,"featured_media":6765,"comment_status":"open","ping_status":"open","sticky":false,"template":"","format":"standard","meta":{"inline_featured_image":false,"footnotes":""},"categories":[18],"tags":[],"class_list":["post-6762","post","type-post","status-publish","format-standard","has-post-thumbnail","hentry","category-artigos"],"_links":{"self":[{"href":"https:\/\/www.wygroup.net\/pt-pt\/wp-json\/wp\/v2\/posts\/6762","targetHints":{"allow":["GET"]}}],"collection":[{"href":"https:\/\/www.wygroup.net\/pt-pt\/wp-json\/wp\/v2\/posts"}],"about":[{"href":"https:\/\/www.wygroup.net\/pt-pt\/wp-json\/wp\/v2\/types\/post"}],"author":[{"embeddable":true,"href":"https:\/\/www.wygroup.net\/pt-pt\/wp-json\/wp\/v2\/users\/38"}],"replies":[{"embeddable":true,"href":"https:\/\/www.wygroup.net\/pt-pt\/wp-json\/wp\/v2\/comments?post=6762"}],"version-history":[{"count":1,"href":"https:\/\/www.wygroup.net\/pt-pt\/wp-json\/wp\/v2\/posts\/6762\/revisions"}],"predecessor-version":[{"id":6767,"href":"https:\/\/www.wygroup.net\/pt-pt\/wp-json\/wp\/v2\/posts\/6762\/revisions\/6767"}],"wp:featuredmedia":[{"embeddable":true,"href":"https:\/\/www.wygroup.net\/pt-pt\/wp-json\/wp\/v2\/media\/6765"}],"wp:attachment":[{"href":"https:\/\/www.wygroup.net\/pt-pt\/wp-json\/wp\/v2\/media?parent=6762"}],"wp:term":[{"taxonomy":"category","embeddable":true,"href":"https:\/\/www.wygroup.net\/pt-pt\/wp-json\/wp\/v2\/categories?post=6762"},{"taxonomy":"post_tag","embeddable":true,"href":"https:\/\/www.wygroup.net\/pt-pt\/wp-json\/wp\/v2\/tags?post=6762"}],"curies":[{"name":"wp","href":"https:\/\/api.w.org\/{rel}","templated":true}]}}