{"id":6748,"date":"2025-07-07T09:12:53","date_gmt":"2025-07-07T09:12:53","guid":{"rendered":"https:\/\/www.wygroup.net\/?p=6748"},"modified":"2025-07-07T09:12:57","modified_gmt":"2025-07-07T09:12:57","slug":"sumol-summer-fest25-e-a-praia-da-nervo-e-da-maquina","status":"publish","type":"post","link":"https:\/\/www.wygroup.net\/pt-pt\/sumol-summer-fest25-e-a-praia-da-nervo-e-da-maquina\/","title":{"rendered":"Sumol Summer Fest\u201925 \u00e9 a praia da NERVO e d\u00e1 M\u00c1QUINA"},"content":{"rendered":"\n<p><strong>A 15\u00aa edi\u00e7\u00e3o do Sumol Summer fest j\u00e1 est\u00e1 \u00e0 vista na Costa da Caparica com uma nova cara e um novo sabor &#8211; mas a ess\u00eancia de sempre. Com estrat\u00e9gia e criatividade da nervo e produ\u00e7\u00e3o d\u2019a M\u00e1quina, o SSF convida os festivaleiros a descobrirem a sua praia a partir do parque de campismo do Inatel, na ic\u00f3nica praia de S\u00e3o Jo\u00e3o, que d\u00e1 palco ao recinto pelo terceiro ano consecutivo.<\/strong><\/p>\n\n\n\n<p><\/p>\n\n\n\n<p>O festival que&nbsp;<em>\u00c9 o que \u00e9s<\/em>&nbsp;regressa mais maduro e com uma identidade visual refrescada, com novos elementos gr\u00e1ficos, tridimensionais, que transparecem uma evolu\u00e7\u00e3o natural e necess\u00e1ria ao patrim\u00f3nio do Sumol Summer Fest.&nbsp;<\/p>\n\n\n\n<p>\u201cQuer\u00edamos trazer uma nova dimens\u00e3o, literalmente, \u00e0 linguagem do festival. Algo que refletisse n\u00e3o s\u00f3 o&nbsp;<em>mood<\/em>&nbsp;fresco do evento e de quem o vive intensamente, mas tamb\u00e9m a urbanidade que a marca abra\u00e7a.\u201d, revela Miguel Pires, Creative Partner da NERVO.<\/p>\n\n\n\n<p>Mas n\u00e3o \u00e9 s\u00f3 a imagem do festival que conta com um&nbsp;<em>refresh:&nbsp;<\/em>tamb\u00e9m as instala\u00e7\u00f5es dos balne\u00e1rios e o&nbsp;<em>skate park<\/em>&nbsp;do recinto ganham uma nova pintura gra\u00e7as \u00e0s interven\u00e7\u00f5es art\u00edsticas de Gon\u00e7alo Mar e Pitanga, que regressam ao festival, refor\u00e7ando a liga\u00e7\u00e3o entre a arte urbana e a marca.&nbsp;<\/p>\n\n\n\n<p>O novo Sumol Lim\u00e3o Edi\u00e7\u00e3o Praias \u00e9 o sabor oficial do festival e d\u00e1 mote \u00e0 ativa\u00e7\u00e3o que materializa o conceito da campanha \u201cDescobre a tua praia\u201d. \u00c9 aqui que os festivaleiros v\u00e3o&nbsp;<em>brincar na areia<\/em>&nbsp;e passar por um desafio onde tudo pode acontecer &#8211; e surpreender.<\/p>\n\n\n\n<p>Pela primeira vez, a&nbsp;<em>Sumol Patrol<\/em>&nbsp;mergulha de cabe\u00e7a no festival para garantir que todos aproveitam a experi\u00eancia at\u00e9 \u00e0 \u00faltima gota, amplificando as ativa\u00e7\u00f5es desde o recinto at\u00e9 \u00e0 praia e campismo. Em caso de SOS, os mais sortudos s\u00e3o salvos atrav\u00e9s de um resgate direto para a zona VIP \u2013 tamb\u00e9m conhecida como Casa Sumol que conta com uma decora\u00e7\u00e3o renovada e um&nbsp;<em>corner<\/em>exclusivo da nova edi\u00e7\u00e3o.&nbsp;<\/p>\n\n\n\n<p>\u201cEste \u00e9 um projeto que temos vindo a desenvolver em parceria com A M\u00e1quina ao longo dos \u00faltimos anos, e \u00e9 um orgulho continuar esta colabora\u00e7\u00e3o para garantir uma experi\u00eancia verdadeiramente memor\u00e1vel. Produzir um festival desta dimens\u00e3o \u00e9 sempre um desafio log\u00edstico e criativo: tudo tem de funcionar em perfeita sintonia, do palco principal \u00e0s ativa\u00e7\u00f5es de marca.\u201d, afirma Tiago Tarracha, Managing Partner da NERVO.<\/p>\n\n\n\n<p><\/p>\n\n\n\n<p><\/p>\n","protected":false},"excerpt":{"rendered":"<p>A 15\u00aa edi\u00e7\u00e3o do Sumol Summer fest j\u00e1 est\u00e1 \u00e0 vista na Costa da Caparica com uma nova cara e um novo sabor &#8211; mas a ess\u00eancia de sempre. Com estrat\u00e9gia e criatividade da nervo e produ\u00e7\u00e3o d\u2019a M\u00e1quina, o SSF convida os festivaleiros a descobrirem a sua praia a partir do parque de campismo [&hellip;]<\/p>\n","protected":false},"author":21,"featured_media":6755,"comment_status":"open","ping_status":"open","sticky":false,"template":"","format":"standard","meta":{"inline_featured_image":false,"footnotes":""},"categories":[18],"tags":[],"class_list":["post-6748","post","type-post","status-publish","format-standard","has-post-thumbnail","hentry","category-artigos"],"_links":{"self":[{"href":"https:\/\/www.wygroup.net\/pt-pt\/wp-json\/wp\/v2\/posts\/6748","targetHints":{"allow":["GET"]}}],"collection":[{"href":"https:\/\/www.wygroup.net\/pt-pt\/wp-json\/wp\/v2\/posts"}],"about":[{"href":"https:\/\/www.wygroup.net\/pt-pt\/wp-json\/wp\/v2\/types\/post"}],"author":[{"embeddable":true,"href":"https:\/\/www.wygroup.net\/pt-pt\/wp-json\/wp\/v2\/users\/21"}],"replies":[{"embeddable":true,"href":"https:\/\/www.wygroup.net\/pt-pt\/wp-json\/wp\/v2\/comments?post=6748"}],"version-history":[{"count":1,"href":"https:\/\/www.wygroup.net\/pt-pt\/wp-json\/wp\/v2\/posts\/6748\/revisions"}],"predecessor-version":[{"id":6759,"href":"https:\/\/www.wygroup.net\/pt-pt\/wp-json\/wp\/v2\/posts\/6748\/revisions\/6759"}],"wp:featuredmedia":[{"embeddable":true,"href":"https:\/\/www.wygroup.net\/pt-pt\/wp-json\/wp\/v2\/media\/6755"}],"wp:attachment":[{"href":"https:\/\/www.wygroup.net\/pt-pt\/wp-json\/wp\/v2\/media?parent=6748"}],"wp:term":[{"taxonomy":"category","embeddable":true,"href":"https:\/\/www.wygroup.net\/pt-pt\/wp-json\/wp\/v2\/categories?post=6748"},{"taxonomy":"post_tag","embeddable":true,"href":"https:\/\/www.wygroup.net\/pt-pt\/wp-json\/wp\/v2\/tags?post=6748"}],"curies":[{"name":"wp","href":"https:\/\/api.w.org\/{rel}","templated":true}]}}