{"id":6610,"date":"2025-05-13T09:06:28","date_gmt":"2025-05-13T09:06:28","guid":{"rendered":"https:\/\/www.wygroup.net\/?p=6610"},"modified":"2025-05-13T09:06:32","modified_gmt":"2025-05-13T09:06:32","slug":"filipa-montalvao-no-conselho-editorial-da-executiva","status":"publish","type":"post","link":"https:\/\/www.wygroup.net\/pt-pt\/filipa-montalvao-no-conselho-editorial-da-executiva\/","title":{"rendered":"Filipa Montalv\u00e3o no Conselho Editorial da Executiva"},"content":{"rendered":"\n<h1 class=\"wp-block-heading\">Filipa Montalv\u00e3o, co-fundadora e partner da White, passa a integrar o grupo de prestigiados profissionais de diversas \u00e1reas, convidados pela dire\u00e7\u00e3o da Executiva a trazerem sugest\u00f5es, novas abordagens e coment\u00e1rios a este projeto editorial, para melhorar ainda mais os conte\u00fados que lhe trazemos diariamente.<\/h1>\n\n\n\n<p><\/p>\n\n\n\n<p>Filipa Montalv\u00e3o \u00e9 o novo membro do Conselho Editorial da Executiva, juntando-se assim a um conjunto de&nbsp;profissionais&nbsp;de elevado prest\u00edgio e reconhecida compet\u00eancia profissional, que integra tamb\u00e9m Ana Fontoura,&nbsp;diretora de Comunica\u00e7\u00e3o da Fidelidade Seguros; o jornalista Filipe S. Fernandes; Marta Carvalho Ara\u00fajo, cofundadora do Neonia Porto; Pedro Janela, fundador e CEO do grupo de servi\u00e7os de marketing digital WYgroup; Sara do \u00d3, presidente do Conselho de Administra\u00e7\u00e3o da \u00d3 Capital; Soledade Carvalho Duarte,&nbsp;<em>managing partner<\/em>&nbsp;da Invesco\/Transearch; e&nbsp;Teresa Cardoso de Menezes, diretora geral da Informa D&amp;B.<\/p>\n\n\n\n<p>Filipa Montalv\u00e3o \u00e9 partner e cofundadora da White Way, ag\u00eancia de estrat\u00e9gia e criatividade do WYgroup. Desde sempre apaixonada por ideias com impacto, encontrou no design e na constru\u00e7\u00e3o de marcas o seu espa\u00e7o natural. Lidera h\u00e1 19 anos uma equipa de mais de 40 pessoas, num projeto que cruza pensamento estrat\u00e9gico, design e cultura de marca. Tem colaborado com empresas de refer\u00eancia no panorama nacional e internacional, em setores t\u00e3o diversos como banca, energia, sa\u00fade, mobilidade ou grande consumo.<br>Licenciada em Design Gr\u00e1fico pelo IADE (1997), iniciou a carreira ainda enquanto estudava. Integrou equipas em ag\u00eancias de design e comunica\u00e7\u00e3o, onde consolidou compet\u00eancias t\u00e9cnicas e estrat\u00e9gicas. Em 1999, viveu pela primeira vez os desafios e conquistas de liderar um neg\u00f3cio pr\u00f3prio. Durante sete anos, foi respons\u00e1vel pelo desenvolvimento de projetos para marcas nacionais e multinacionais, ganhando uma vis\u00e3o abrangente e multidisciplinar sobre o papel do design na cria\u00e7\u00e3o de valor.<br>Acredita que empreender n\u00e3o \u00e9 um ato isolado, mas um compromisso di\u00e1rio com aquilo em que se acredita. Por isso, em 2006, abra\u00e7ou o desafio de fundar a White Way dentro do universo WYgroup \u2014 e desde ent\u00e3o tem mantido o foco em fazer crescer marcas com sentido, talento com dire\u00e7\u00e3o e equipas com prop\u00f3sito. Hoje, al\u00e9m da vis\u00e3o estrat\u00e9gica, tem um papel central nas \u00e1reas de Pessoas e Opera\u00e7\u00f5es, sempre com a convic\u00e7\u00e3o de que s\u00f3 se constroem marcas fortes com rela\u00e7\u00f5es humanas s\u00f3lidas.<\/p>\n\n\n\n<p><\/p>\n\n\n\n<p class=\"has-small-font-size\">Artigo publicado na Executiva.<\/p>\n","protected":false},"excerpt":{"rendered":"<p>Filipa Montalv\u00e3o, co-fundadora e partner da White, passa a integrar o grupo de prestigiados profissionais de diversas \u00e1reas, convidados pela dire\u00e7\u00e3o da Executiva a trazerem sugest\u00f5es, novas abordagens e coment\u00e1rios a este projeto editorial, para melhorar ainda mais os conte\u00fados que lhe trazemos diariamente. Filipa Montalv\u00e3o \u00e9 o novo membro do Conselho Editorial da Executiva, [&hellip;]<\/p>\n","protected":false},"author":38,"featured_media":6191,"comment_status":"open","ping_status":"open","sticky":false,"template":"","format":"standard","meta":{"inline_featured_image":false,"footnotes":""},"categories":[18],"tags":[],"class_list":["post-6610","post","type-post","status-publish","format-standard","has-post-thumbnail","hentry","category-artigos"],"_links":{"self":[{"href":"https:\/\/www.wygroup.net\/pt-pt\/wp-json\/wp\/v2\/posts\/6610","targetHints":{"allow":["GET"]}}],"collection":[{"href":"https:\/\/www.wygroup.net\/pt-pt\/wp-json\/wp\/v2\/posts"}],"about":[{"href":"https:\/\/www.wygroup.net\/pt-pt\/wp-json\/wp\/v2\/types\/post"}],"author":[{"embeddable":true,"href":"https:\/\/www.wygroup.net\/pt-pt\/wp-json\/wp\/v2\/users\/38"}],"replies":[{"embeddable":true,"href":"https:\/\/www.wygroup.net\/pt-pt\/wp-json\/wp\/v2\/comments?post=6610"}],"version-history":[{"count":1,"href":"https:\/\/www.wygroup.net\/pt-pt\/wp-json\/wp\/v2\/posts\/6610\/revisions"}],"predecessor-version":[{"id":6611,"href":"https:\/\/www.wygroup.net\/pt-pt\/wp-json\/wp\/v2\/posts\/6610\/revisions\/6611"}],"wp:featuredmedia":[{"embeddable":true,"href":"https:\/\/www.wygroup.net\/pt-pt\/wp-json\/wp\/v2\/media\/6191"}],"wp:attachment":[{"href":"https:\/\/www.wygroup.net\/pt-pt\/wp-json\/wp\/v2\/media?parent=6610"}],"wp:term":[{"taxonomy":"category","embeddable":true,"href":"https:\/\/www.wygroup.net\/pt-pt\/wp-json\/wp\/v2\/categories?post=6610"},{"taxonomy":"post_tag","embeddable":true,"href":"https:\/\/www.wygroup.net\/pt-pt\/wp-json\/wp\/v2\/tags?post=6610"}],"curies":[{"name":"wp","href":"https:\/\/api.w.org\/{rel}","templated":true}]}}