{"id":3792,"date":"2021-06-28T12:55:00","date_gmt":"2021-06-28T12:55:00","guid":{"rendered":"https:\/\/www.wygroup.net\/media-inovacao-e-entretenimento-nas-conversas-de-praia\/"},"modified":"2023-12-29T12:59:03","modified_gmt":"2023-12-29T12:59:03","slug":"conversas-de-praia-na-nossa-casa-da-praia","status":"publish","type":"post","link":"https:\/\/www.wygroup.net\/pt-pt\/conversas-de-praia-na-nossa-casa-da-praia\/","title":{"rendered":"\u201cConversas de Praia\u201d na nossa Casa da Praia"},"content":{"rendered":"\n<h1 class=\"wp-block-heading\">Ver\u00e3o \u00e9 tempo de conversas descontra\u00eddas, mesmo sobre assuntos complexos. \u00c9 este o esp\u00edrito das &#8220;Conversas de Praia&#8221;, uma iniciativa do WYgroup em parceria com o ECO, que decorre em julho e agosto.<\/h1>\n\n\n\n<p><\/p>\n\n\n\n<p>A primeira temporada das \u201cConversas de Praia\u201d inclui um conjunto de seis epis\u00f3dios onde se d\u00e1 palco \u00e0s vis\u00f5es e perspetivas pessoais de v\u00e1rios profissionais, que se t\u00eam dedicado \u00e0 comunica\u00e7\u00e3o, \u00e0s empresas e \u00e0s marcas. Ser\u00e3o abordados temas transversais da atualidade \u2013 tecnologia, inova\u00e7\u00e3o, comunica\u00e7\u00e3o, meios, entretenimento \u2013 com a vis\u00e3o pessoal de quem j\u00e1 tem uma experi\u00eancia rica e acumulada para partilhar hist\u00f3rias engra\u00e7adas, sucessos, falhan\u00e7os, vis\u00f5es de futuro ou intui\u00e7\u00f5es sobre o que a\u00ed vem. As \u201cConversas de Praia\u201d, uma iniciativa promovida pelo WYgroup em parceria com o ECO, decorrem durante os meses de julho e agosto, todas as ter\u00e7as-feiras, \u00e0s 11h, com transmiss\u00e3o no Facebook do ECO.<\/p>\n\n\n\n<p><\/p>\n\n\n\n<h2 class=\"wp-block-heading\"><mark style=\"background-color:rgba(0, 0, 0, 0)\" class=\"has-inline-color has-vivid-cyan-blue-color\">Epis\u00f3dios<\/mark><\/h2>\n\n\n\n<p><\/p>\n\n\n\n<p>O primeiro epis\u00f3dio conta com Ana Gaspar, Ambassador da <strong>Volkswagen Digital Solutions<\/strong>, Diogo Barbot, Diretor de Estrat\u00e9gia da <strong>Barbot<\/strong>, Jo\u00e3o Pedro Reis, Head of Marketing da <strong>Sogrape<\/strong> e Lu\u00edsa Manso, Head of Business Development da <strong>By<\/strong>. \u201cN\u00e3o s\u00e3o muito novos para isso? Como a juventude dos l\u00edderes pode rejuvenescer as marcas&#8221;<\/p>\n\n\n\n<p>A segunda Conversa de Praia fala sobre o tema \u201cTV program\u00e1tica, digital media e redes sociais: s\u00e3o estes os media do futuro?\u201d. A acompanhar Ana Fernandes, Diretora Executiva da <strong>Performance Sales<\/strong>, contamos com a Cristina Amaro, CEO &amp; CLO da <strong>Empower Brands House<\/strong>, com Jo\u00e3o Epif\u00e2neo, Chief Sales Officer B2C <strong>Altice<\/strong> e com Tiago Lopes, Social Media Manager do <strong>ECO<\/strong>.<\/p>\n\n\n\n<p>B\u00e1rbara Tinoco, artista e cantaurora, Miguel Guerra, Diretor de Parcerias e Eventos da <strong>MEO<\/strong> e Tiago Tarracha, Managing Partner da <strong>NERVO<\/strong>, falam sobre \u201cO entertenimento na comunica\u00e7\u00e3o\u201d, na terceira Conversa de Praia.<\/p>\n\n\n\n<p>No quarto epis\u00f3dio fala-se do que querem as futuras gera\u00e7\u00f5es: &#8220;Como comunicar sem comprometer?&#8221;. Neste podcast, Jorge Borges, Director de Marketing do <strong>ISEG<\/strong>, Nuno Pinto de Magalh\u00e3es, Director de Comunica\u00e7\u00e3o e Rela\u00e7\u00f5es Institucioanis da <strong>Sociedade Central de Cervejas<\/strong>, Rodolfo Oliveira, Managing Partner da <strong>Bloomcast Consulting<\/strong> e Vanda Jorge, Diretora da <strong>Ecoolhunter<\/strong>, d\u00e3o voz \u00e0s suas opini\u00f5es.<\/p>\n\n\n\n<p>Daniel Riscado, Head of Center for Transformation de <strong>Fidelidade<\/strong>, Diogo Cunha, CTO de <strong>Bliss<\/strong>, Fl\u00e1vio Nunes, Jornalista de Tecnologia do <strong>ECO<\/strong> e Jorge Sim\u00f5es, Head of the Digital Factory da <strong>EDP<\/strong>, falam sobre \u201cInova\u00e7\u00e3o: como a cultivar e implementar?\u201d<\/p>\n\n\n\n<p>A fechar a primeira temporada das nossas Conversas de Praia, Filipa Montalv\u00e3o, partner da <strong>White<\/strong>, fala com Rita Baptista, Executive Director of <strong>Human Resources<\/strong>, Communication and Sustainability da <strong>OGMA<\/strong> e Sandra Brito Pereira, Directora de Recursos Humanos no <strong>Banco Montepio<\/strong> no epis\u00f3dio sobre \u201cEmployer Branding, tend\u00eancia ou o futuro do emprego?\u201d.<\/p>\n\n\n\n<p><\/p>\n\n\n\n<p><strong>Podes rever esta primeira temporada das Conversas de Praia <a href=\"https:\/\/www.youtube.com\/watch?v=1Oy8pYoyRhM&amp;list=PLuuCwi1siYRjhkib98VZahyYm8_qJS_25\" target=\"_blank\" rel=\"noopener\"><mark style=\"background-color:rgba(0, 0, 0, 0)\" class=\"has-inline-color has-luminous-vivid-amber-color\">aqui<\/mark><\/a>. <\/strong><\/p>\n\n\n\n<p><\/p>\n\n\n\n<p><\/p>\n","protected":false},"excerpt":{"rendered":"<p>Ver\u00e3o \u00e9 tempo de conversas descontra\u00eddas, mesmo sobre assuntos complexos. \u00c9 este o esp\u00edrito das &#8220;Conversas de Praia&#8221;, uma iniciativa do WYgroup em parceria com o ECO, que decorre em julho e agosto. A primeira temporada das \u201cConversas de Praia\u201d inclui um conjunto de seis epis\u00f3dios onde se d\u00e1 palco \u00e0s vis\u00f5es e perspetivas pessoais [&hellip;]<\/p>\n","protected":false},"author":12,"featured_media":2686,"comment_status":"closed","ping_status":"closed","sticky":false,"template":"","format":"standard","meta":{"inline_featured_image":false,"footnotes":""},"categories":[19],"tags":[],"class_list":["post-3792","post","type-post","status-publish","format-standard","has-post-thumbnail","hentry","category-noticias"],"_links":{"self":[{"href":"https:\/\/www.wygroup.net\/pt-pt\/wp-json\/wp\/v2\/posts\/3792","targetHints":{"allow":["GET"]}}],"collection":[{"href":"https:\/\/www.wygroup.net\/pt-pt\/wp-json\/wp\/v2\/posts"}],"about":[{"href":"https:\/\/www.wygroup.net\/pt-pt\/wp-json\/wp\/v2\/types\/post"}],"author":[{"embeddable":true,"href":"https:\/\/www.wygroup.net\/pt-pt\/wp-json\/wp\/v2\/users\/12"}],"replies":[{"embeddable":true,"href":"https:\/\/www.wygroup.net\/pt-pt\/wp-json\/wp\/v2\/comments?post=3792"}],"version-history":[{"count":5,"href":"https:\/\/www.wygroup.net\/pt-pt\/wp-json\/wp\/v2\/posts\/3792\/revisions"}],"predecessor-version":[{"id":4169,"href":"https:\/\/www.wygroup.net\/pt-pt\/wp-json\/wp\/v2\/posts\/3792\/revisions\/4169"}],"wp:featuredmedia":[{"embeddable":true,"href":"https:\/\/www.wygroup.net\/pt-pt\/wp-json\/wp\/v2\/media\/2686"}],"wp:attachment":[{"href":"https:\/\/www.wygroup.net\/pt-pt\/wp-json\/wp\/v2\/media?parent=3792"}],"wp:term":[{"taxonomy":"category","embeddable":true,"href":"https:\/\/www.wygroup.net\/pt-pt\/wp-json\/wp\/v2\/categories?post=3792"},{"taxonomy":"post_tag","embeddable":true,"href":"https:\/\/www.wygroup.net\/pt-pt\/wp-json\/wp\/v2\/tags?post=3792"}],"curies":[{"name":"wp","href":"https:\/\/api.w.org\/{rel}","templated":true}]}}